{"id":1071,"date":"2022-02-03T20:12:20","date_gmt":"2022-02-03T23:12:20","guid":{"rendered":"https:\/\/mrcat.net.br\/hub\/?p=1071"},"modified":"2022-02-24T16:39:20","modified_gmt":"2022-02-24T19:39:20","slug":"looks-estilosos-com-sapatos-tendencia-do-verao","status":"publish","type":"post","link":"https:\/\/mrcat.net.br\/hub\/looks-estilosos-com-sapatos-tendencia-do-verao\/","title":{"rendered":"Looks estilosos com sapatos tend\u00eancia do ver\u00e3o"},"content":{"rendered":"<p>O ver\u00e3o chegou! E em 2022, as tiras, cores vibrantes, elementos naturais e muitos outros detalhes v\u00e3o compor a esta\u00e7\u00e3o. As tend\u00eancias de <strong>cal\u00e7ados<\/strong> para a \u00e9poca j\u00e1 est\u00e3o nas vitrines e voc\u00ea encontra diversos modelos que v\u00e3o agradar a todos os gostos.<\/p>\n<p>Ent\u00e3o, aproveite as dicas e fique por dentro das novidades e aproveite para completar o seu closet com sapatos que est\u00e3o em alta para este ver\u00e3o!<\/p>\n<h2>Sapatos ver\u00e3o<\/h2>\n<p>A comodidade de um <strong>sapato<\/strong> segue sendo a tend\u00eancia da esta\u00e7\u00e3o. Por isso, fique de olho nos modelos que vamos falar para voc\u00ea ter um conforto no p\u00e9s, do jeito que eles merecem.<\/p>\n<h3>Rasteirinhas com tiras<\/h3>\n<p>J\u00e1 populares, as <a href=\"https:\/\/www.mrcat.com.br\/feminino\/sapatos\/sandalias-rasteiras?PS=20&amp;O=OrderByReleaseDateDESC\" target=\"_blank\" rel=\"noopener\">rasteirinhas<\/a> continuam fazendo parte dos acess\u00f3rios queridinhos e populares entre as mulheres. Elaboradas com especificidades pr\u00f3prias, elas s\u00e3o capazes de dar um toque chique casual.<\/p>\n<p>Tamb\u00e9m chama a aten\u00e7\u00e3o os modelos com tiras entrela\u00e7adas, que d\u00e3o o destaque ideal ao p\u00e9 e transmitem um ar praia e ver\u00e3o. Bem por isso, elas combinam com short, saia jeans ou vestidos de diferentes tamanhos.<\/p>\n<h3>Salto bloco<\/h3>\n<p>O <a href=\"https:\/\/www.mrcat.com.br\/verao-2022?PS=24&amp;&amp;O=OrderByReleaseDateDESC#&amp;search-term=Salto%20bloco\" target=\"_blank\" rel=\"noopener\"><strong>salto bloco<\/strong><\/a> \u00e9 outro que segue em alta neste ano! Ele possibilita um visual super fashionista, contribuindo para um estilo moderno. Os modelos com tiras est\u00e3o de volta e ajudam a valorizar as pernas e emitem sofistica\u00e7\u00e3o e empoderamento ao look.<\/p>\n<p>Seu conforto e praticidade permite us\u00e1-lo com vestidos curtos, shorts ou cal\u00e7as de alfaiataria. Assim, criando produ\u00e7\u00f5es poderosas para todos os tipos de eventos.<\/p>\n<h3>Sand\u00e1lias com corda<\/h3>\n<p>Quando se trata de altas temperaturas, as <a href=\"https:\/\/www.mrcat.com.br\/feminino\/sapatos\/sandalias-com-salto?PS=20&amp;O=OrderByReleaseDateDESC#&amp;search-term=sand%C3%A1lia%20corda\" target=\"_blank\" rel=\"noopener\"><strong>sand\u00e1lias<\/strong> <\/a>s\u00e3o exemplares que est\u00e3o entre os favoritos de diversas mulheres. Elas s\u00e3o capazes de um look aut\u00eantico, pois tem um design jovem, cores alegres e muito conforto.<\/p>\n<p>O detalhe de tiras de corda proporcionam ainda mais charme e tiram o modelo do \u00f3bvio. Dessa maneira, prepare seu visual com itens mais \u00e0 vontade e fresquinho, que esteja pronto para um restaurante e tamb\u00e9m possa curtir as f\u00e9rias de modo leve.<\/p>\n<h3>Cal\u00e7ados total comfy<\/h3>\n<p>J\u00e1 para eles, \u00e9 evidente o crescimento da <a href=\"https:\/\/www.mrcat.com.br\/feminino\/sapatos\/sandalias-com-salto?PS=20&amp;O=OrderByReleaseDateDESC#&amp;search-term=cal%C3%A7ados%20comfy\" target=\"_blank\" rel=\"noopener\"><strong>linha comfy<\/strong><\/a>. Estes tipos de cal\u00e7ados v\u00eam sendo protagonistas tanto em passeios no parque, quanto uma volta no shopping.<\/p>\n<p>A sand\u00e1lia \u00e9 uma excelente escolha nesse per\u00edodo de sol intenso, levando bem-estar e estilo seja na praia ou na cidade.<\/p>\n<h3><img loading=\"lazy\" decoding=\"async\" class=\"alignleft size-medium wp-image-1100\" src=\"https:\/\/mrcat.net.br\/hub\/wp-content\/uploads\/2022\/02\/imagens_blog_veraonovo-e1643929808248-300x231.jpg\" alt=\"Mr. Cat cal\u00e7ados ver\u00e3o 2022\" width=\"300\" height=\"231\" srcset=\"https:\/\/mrcat.net.br\/hub\/wp-content\/uploads\/2022\/02\/imagens_blog_veraonovo-e1643929808248-300x231.jpg 300w, https:\/\/mrcat.net.br\/hub\/wp-content\/uploads\/2022\/02\/imagens_blog_veraonovo-e1643929808248.jpg 714w\" sizes=\"auto, (max-width: 300px) 100vw, 300px\" \/>T\u00eanis monocrom\u00e1ticos<\/h3>\n<p>Outra tend\u00eancia s\u00e3o os <strong>t\u00eanis monocrom\u00e1ticos<\/strong> e suas cores fortes, como o vinho ou mesmo em tons mais suaves como azul claro e o rosa! Assim, todo o material segue a mesma tonalidade e d\u00e1 um aspecto mais casual ao visual, permitindo criar combina\u00e7\u00f5es diversas e criativas.<\/p>\n<h4>Tend\u00eancias para o ver\u00e3o \u00e9 na Mr. Cat<\/h4>\n<p>Al\u00e9m desses itens, aqui na Mr. Cat voc\u00ea encontra mais uma variedade de <a href=\"https:\/\/www.mrcat.com.br\/verao-2022?PS=24&amp;&amp;O=OrderByReleaseDateDESC\" target=\"_blank\" rel=\"noopener\"><strong>sapatos para o ver\u00e3o<\/strong><\/a> e demais acess\u00f3rios como bolsas e cintos. Aproveite tamb\u00e9m para conferir os lan\u00e7amentos de <a href=\"https:\/\/www.mrcat.com.br\/lancamentos\/lancamentos-masculinos?PS=24&amp;&amp;O=OrderByReleaseDateDESC\" target=\"_blank\" rel=\"noopener\">sess\u00e3o masculina<\/a> e os produtos em <a href=\"https:\/\/www.mrcat.com.br\/liquidacao?PS=20&amp;O=OrderByReleaseDateDESC\" target=\"_blank\" rel=\"noopener\">liquida\u00e7\u00e3o<\/a> em nossas lojas.<\/p>\n<p><a style=\"background-color: #fb0; color: #000; font-size: 14px; font-weight: bold; text-decoration: none; padding: .8rem 1rem; box-shadow: 0 2px 3px 0 rgba(0,0,0,.18); border-radius: .5rem; cursor: pointer; transition: all .2s ease-in-out; line-height: normal;\" href=\"https:\/\/www.mrcat.com.br\/?utm_source=google&amp;utm_medium=organic&amp;utm_campaign=blog\" target=\"_blank\" rel=\"nofollow noopener\">VER LAN\u00c7AMENTOS MR. CAT<\/a><\/p>\n","protected":false},"excerpt":{"rendered":"<p>O ver\u00e3o chegou! E em 2022, as tiras, cores vibrantes, elementos naturais e muitos outros detalhes v\u00e3o compor a esta\u00e7\u00e3o. As tend\u00eancias de cal\u00e7ados para a \u00e9poca j\u00e1 est\u00e3o nas&#8230;<\/p>\n","protected":false},"author":12,"featured_media":1099,"comment_status":"open","ping_status":"open","sticky":false,"template":"","format":"standard","meta":{"inline_featured_image":false,"footnotes":""},"categories":[5],"tags":[],"class_list":["post-1071","post","type-post","status-publish","format-standard","has-post-thumbnail","hentry","category-m-t-w"],"ls_data":{"_yoast_wpseo_title":"","_yoast_wpseo_metadesc":"","_yoast_wpseo_meta-robots-noindex":"","_yoast_wpseo_meta-robots-nofollow":"","_aioseo_title":"","_aioseo_description":"","rank_math_title":"","rank_math_description":""},"post_mailing_queue_ids":[],"_links":{"self":[{"href":"https:\/\/mrcat.net.br\/hub\/wp-json\/wp\/v2\/posts\/1071","targetHints":{"allow":["GET"]}}],"collection":[{"href":"https:\/\/mrcat.net.br\/hub\/wp-json\/wp\/v2\/posts"}],"about":[{"href":"https:\/\/mrcat.net.br\/hub\/wp-json\/wp\/v2\/types\/post"}],"author":[{"embeddable":true,"href":"https:\/\/mrcat.net.br\/hub\/wp-json\/wp\/v2\/users\/12"}],"replies":[{"embeddable":true,"href":"https:\/\/mrcat.net.br\/hub\/wp-json\/wp\/v2\/comments?post=1071"}],"version-history":[{"count":3,"href":"https:\/\/mrcat.net.br\/hub\/wp-json\/wp\/v2\/posts\/1071\/revisions"}],"predecessor-version":[{"id":1160,"href":"https:\/\/mrcat.net.br\/hub\/wp-json\/wp\/v2\/posts\/1071\/revisions\/1160"}],"wp:featuredmedia":[{"embeddable":true,"href":"https:\/\/mrcat.net.br\/hub\/wp-json\/wp\/v2\/media\/1099"}],"wp:attachment":[{"href":"https:\/\/mrcat.net.br\/hub\/wp-json\/wp\/v2\/media?parent=1071"}],"wp:term":[{"taxonomy":"category","embeddable":true,"href":"https:\/\/mrcat.net.br\/hub\/wp-json\/wp\/v2\/categories?post=1071"},{"taxonomy":"post_tag","embeddable":true,"href":"https:\/\/mrcat.net.br\/hub\/wp-json\/wp\/v2\/tags?post=1071"}],"curies":[{"name":"wp","href":"https:\/\/api.w.org\/{rel}","templated":true}]}}