{"id":1227,"date":"2022-03-02T20:06:27","date_gmt":"2022-03-02T23:06:27","guid":{"rendered":"https:\/\/mrcat.net.br\/hub\/?p=1227"},"modified":"2022-03-29T11:07:18","modified_gmt":"2022-03-29T14:07:18","slug":"lancamento-sapatos-femininos-pre-fall-mr-cat-com-bruna-linzmeye","status":"publish","type":"post","link":"https:\/\/mrcat.net.br\/hub\/lancamento-sapatos-femininos-pre-fall-mr-cat-com-bruna-linzmeye\/","title":{"rendered":"Lan\u00e7amento sapatos femininos Pre Fall Mr. Cat com Bruna Linzmeyer"},"content":{"rendered":"<p>A <strong>Mr. Cat<\/strong>, pela primeira vez em sua hist\u00f3ria, faz o lan\u00e7amento de uma linha inteira somente com produtos para mulheres chamado \u201cPre Fall\u201d. E para estampar essa cole\u00e7\u00e3o, a atriz Bruna Linzmeyer foi a escolhida.<\/p>\n<p>Al\u00e9m disso, a designer Carol Baum est\u00e1 \u00e0 frente da campanha, fazendo sua estreia no estilo feminino. Assim, atendendo ao p\u00fablico que vem crescendo a cada ano e levando inova\u00e7\u00f5es e sofistica\u00e7\u00f5es com o que h\u00e1 de melhor e de maior tend\u00eancia no mundo da moda.<\/p>\n<h2><img loading=\"lazy\" decoding=\"async\" class=\"alignleft wp-image-1230 size-full\" title=\"Pre Fall Mr. Cat com Bruna Linzmeyer\" src=\"https:\/\/mrcat.net.br\/hub\/wp-content\/uploads\/2022\/03\/blog_mrcat_bruna_3.jpg\" alt=\"Pre Fall Mr. Cat com Bruna Linzmeyer\" width=\"915\" height=\"551\" srcset=\"https:\/\/mrcat.net.br\/hub\/wp-content\/uploads\/2022\/03\/blog_mrcat_bruna_3.jpg 915w, https:\/\/mrcat.net.br\/hub\/wp-content\/uploads\/2022\/03\/blog_mrcat_bruna_3-300x181.jpg 300w, https:\/\/mrcat.net.br\/hub\/wp-content\/uploads\/2022\/03\/blog_mrcat_bruna_3-768x462.jpg 768w, https:\/\/mrcat.net.br\/hub\/wp-content\/uploads\/2022\/03\/blog_mrcat_bruna_3-90x55.jpg 90w\" sizes=\"auto, (max-width: 915px) 100vw, 915px\" \/>Novidades nos sapatos femininos<\/h2>\n<p>Os produtos <a href=\"https:\/\/www.mrcat.com.br\/pre-fall-22?PS=24&amp;O=OrderByReleaseDateDESC\" target=\"_blank\" rel=\"noopener\"><strong>Pre Fall Mr. Cat<\/strong> <\/a>possuem cores contrastantes, modelagens vers\u00e1teis, materiais premium e acabamentos com personalidade. Sua idealizadora ainda ressalta que al\u00e9m das novidades, \u00e9 poss\u00edvel encontrar os best sellers da marca repaginados. Entre eles est\u00e3o a espadrille, com um toque mais imponente, e o t\u00eanis Zen, feito em knit, que agora apresenta tamb\u00e9m uma estampa animal print.<\/p>\n<p>Outros destaques s\u00e3o o coturno em Off White e as bolsas com shape hobo, tanto em vers\u00e3o mini quanto em maxi. Dessa maneira, mostramos que o pr\u00f3ximo passo em dire\u00e7\u00e3o ao futuro est\u00e1 dado e que \u00e9 poss\u00edvel recriar grandes s\u00edmbolos da marca mantendo os pilares que a fizeram chegar at\u00e9 aqui: consist\u00eancia, inova\u00e7\u00e3o, criatividade e conforto.<\/p>\n<h2>Um pouco sobre a atriz Bruna Linzmeyer<\/h2>\n<p>Bruna Linzmeyer \u00e9 um grande nome da dramaturgia brasileira. A atriz ficou conhecida ao interpretar Leila na novela &#8220;Insensato Cora\u00e7\u00e3o&#8221; em 2011. Nascida em Corup\u00e1, Santa Catarina, come\u00e7ou sua carreira como modelo e, aos 15 anos de idade, foi vencedora do concurso &#8220;Garota Ver\u00e3o&#8221;, do Grupo RBS, afiliada da Rede Globo.<\/p>\n<p>Hoje, j\u00e1 acumula quase 20 filmes e diversas telenovelas no curr\u00edculo. Al\u00e9m do sucesso nas telas, ela \u00e9 muito engajada em causas sociais, feministas, LGBTQIA+ e pol\u00edticas.<\/p>\n<p>Quando o assunto s\u00e3o os <strong>sapatos femininos<\/strong> ela \u00e9 f\u00e3 de exemplares confort\u00e1veis, sejam eles t\u00eanis, saltos mais grossos e menores. Bruna tamb\u00e9m conta que gosta dos modelos com mais personalidade, cores e formatos. Bem como, acredita que s\u00e3o os cal\u00e7ados que definem a postura, o encaixe do quadril e o ritmo do andar da pessoa.<\/p>\n<h2>Quem \u00e9 Carol Baum<\/h2>\n<p>J\u00e1 a Carol Baum possui 20 anos de experi\u00eancia no setor cal\u00e7adista, com passagens por outras marcas do mercado. Atualmente, considera ter encontrado uma grife bastante consolidada e que proporcionou a oportunidade de um refresh necess\u00e1rio.<\/p>\n<p>Assim, com o desafio em m\u00e3os, criou uma cole\u00e7\u00e3o que vai deixar toda mulher querendo ter o seu, sejam <strong>sapatos<\/strong>, <strong>carteiras<\/strong> ou <strong>bolsas<\/strong>.<\/p>\n<h3><img loading=\"lazy\" decoding=\"async\" class=\"alignleft wp-image-1229 size-full\" title=\"Pre Fall Mr. Cat com Bruna Linzmeyer\" src=\"https:\/\/mrcat.net.br\/hub\/wp-content\/uploads\/2022\/03\/blog_mrcat_bruna_2.jpg\" alt=\"Pre Fall Mr. Cat com Bruna Linzmeyer\" width=\"915\" height=\"551\" srcset=\"https:\/\/mrcat.net.br\/hub\/wp-content\/uploads\/2022\/03\/blog_mrcat_bruna_2.jpg 915w, https:\/\/mrcat.net.br\/hub\/wp-content\/uploads\/2022\/03\/blog_mrcat_bruna_2-300x181.jpg 300w, https:\/\/mrcat.net.br\/hub\/wp-content\/uploads\/2022\/03\/blog_mrcat_bruna_2-768x462.jpg 768w, https:\/\/mrcat.net.br\/hub\/wp-content\/uploads\/2022\/03\/blog_mrcat_bruna_2-90x55.jpg 90w\" sizes=\"auto, (max-width: 915px) 100vw, 915px\" \/>A Mr. Cat est\u00e1 sempre pensando em voc\u00ea<\/h3>\n<p>Refer\u00eancia no segmento de <a href=\"https:\/\/www.mrcat.com.br\/pre-fall-22?PS=24&amp;O=OrderByReleaseDateDESC\" target=\"_blank\" rel=\"noopener\"><strong>cal\u00e7ados e acess\u00f3rios femininos<\/strong><\/a> e masculinos, a Mr. Cat marca presen\u00e7a em todo o Brasil. Com pe\u00e7as \u00fanicas, leva o que h\u00e1 de melhor na moda.<\/p>\n<p>Aqui voc\u00ea encontra toda a cole\u00e7\u00e3o Pre Fall, entre outras linhas, que v\u00e3o deixar seu closet ainda mais completo. Por isso, acesse nosso site e escolha aquilo que combina com voc\u00ea!<\/p>\n<p><a style=\"background-color: #fb0; color: #000; font-size: 14px; font-weight: bold; text-decoration: none; padding: .8rem 1rem; box-shadow: 0 2px 3px 0 rgba(0,0,0,.18); border-radius: .5rem; cursor: pointer; transition: all .2s ease-in-out; line-height: normal;\" href=\"https:\/\/www.mrcat.com.br\/?utm_source=google&amp;utm_medium=organic&amp;utm_campaign=blog\" target=\"_blank\" rel=\"nofollow noopener\">VER LAN\u00c7AMENTOS MR. CAT<\/a><\/p>\n","protected":false},"excerpt":{"rendered":"<p>A Mr. Cat, pela primeira vez em sua hist\u00f3ria, faz o lan\u00e7amento de uma linha inteira somente com produtos para mulheres chamado \u201cPre Fall\u201d. E para estampar essa cole\u00e7\u00e3o, a&#8230;<\/p>\n","protected":false},"author":12,"featured_media":1228,"comment_status":"open","ping_status":"open","sticky":false,"template":"","format":"standard","meta":{"inline_featured_image":false,"footnotes":""},"categories":[5],"tags":[],"class_list":["post-1227","post","type-post","status-publish","format-standard","has-post-thumbnail","hentry","category-m-t-w"],"ls_data":{"_yoast_wpseo_title":"","_yoast_wpseo_metadesc":"","_yoast_wpseo_meta-robots-noindex":"","_yoast_wpseo_meta-robots-nofollow":"","_aioseo_title":"","_aioseo_description":"","rank_math_title":"","rank_math_description":""},"post_mailing_queue_ids":[],"_links":{"self":[{"href":"https:\/\/mrcat.net.br\/hub\/wp-json\/wp\/v2\/posts\/1227","targetHints":{"allow":["GET"]}}],"collection":[{"href":"https:\/\/mrcat.net.br\/hub\/wp-json\/wp\/v2\/posts"}],"about":[{"href":"https:\/\/mrcat.net.br\/hub\/wp-json\/wp\/v2\/types\/post"}],"author":[{"embeddable":true,"href":"https:\/\/mrcat.net.br\/hub\/wp-json\/wp\/v2\/users\/12"}],"replies":[{"embeddable":true,"href":"https:\/\/mrcat.net.br\/hub\/wp-json\/wp\/v2\/comments?post=1227"}],"version-history":[{"count":9,"href":"https:\/\/mrcat.net.br\/hub\/wp-json\/wp\/v2\/posts\/1227\/revisions"}],"predecessor-version":[{"id":1244,"href":"https:\/\/mrcat.net.br\/hub\/wp-json\/wp\/v2\/posts\/1227\/revisions\/1244"}],"wp:featuredmedia":[{"embeddable":true,"href":"https:\/\/mrcat.net.br\/hub\/wp-json\/wp\/v2\/media\/1228"}],"wp:attachment":[{"href":"https:\/\/mrcat.net.br\/hub\/wp-json\/wp\/v2\/media?parent=1227"}],"wp:term":[{"taxonomy":"category","embeddable":true,"href":"https:\/\/mrcat.net.br\/hub\/wp-json\/wp\/v2\/categories?post=1227"},{"taxonomy":"post_tag","embeddable":true,"href":"https:\/\/mrcat.net.br\/hub\/wp-json\/wp\/v2\/tags?post=1227"}],"curies":[{"name":"wp","href":"https:\/\/api.w.org\/{rel}","templated":true}]}}