{"id":1342,"date":"2022-12-15T15:40:00","date_gmt":"2022-12-15T18:40:00","guid":{"rendered":"https:\/\/mrcat.net.br\/hub\/?p=1342"},"modified":"2022-12-15T15:42:20","modified_gmt":"2022-12-15T18:42:20","slug":"tendencias-primavera-verao-e-o-que-esperar-da-moda","status":"publish","type":"post","link":"https:\/\/mrcat.net.br\/hub\/tendencias-primavera-verao-e-o-que-esperar-da-moda\/","title":{"rendered":"Tend\u00eancias primavera ver\u00e3o 2023: o que esperar da moda?"},"content":{"rendered":"<h1>Tend\u00eancia primavera ver\u00e3o 2023: descubra o que vai dominar a moda!<\/h1>\n<p>Se tem um momento que as fashionistas est\u00e3o esperando, \u00e9 a hora de aplicar as tend\u00eancias de primavera ver\u00e3o 2023 nas composi\u00e7\u00f5es. Ap\u00f3s um longo per\u00edodo de isolamento e dificuldades, a moda vem para trazer energia e esperan\u00e7a aos nossos dias, isso sem falar no conforto.<\/p>\n<p>Saiba que as tend\u00eancias para os dias mais longos que antecedem o ver\u00e3o est\u00e3o recheadas com esses aspectos, e a Mr. Cat vem para te ajudar a ficar preparada. Continue a leitura e confira quais s\u00e3o as pe\u00e7as, acess\u00f3rios e cores que v\u00e3o bombar na primavera ver\u00e3o deste ano, al\u00e9m de dicas para incrementar tudo isso no visual e arrasar!<\/p>\n<h2>Quais s\u00e3o as tend\u00eancias de moda para 2023? Veja 4 pe\u00e7as para apostar<\/h2>\n<p>Quando se trata de tend\u00eancias p\u00f3s-pandemia, pode ter certeza de que<b> combina\u00e7\u00f5es voltadas para o conforto vir\u00e3o com mais for\u00e7a do que nunca<\/b>. Estilos como o<i> homewear <\/i>e o<i> Oversized <\/i>ganharam for\u00e7a depois de um tempo em que o bem-estar nas roupas di\u00e1rias j\u00e1 era via de regra.<\/p>\n<p>Al\u00e9m disso, as passarelas prometem revisitar muitas pe\u00e7as das d\u00e9cadas passadas para trazer os cl\u00e1ssicos de volta ao topo. Quer saber quais s\u00e3o essas roupas? Confira na sequ\u00eancia e j\u00e1 prepare seu guarda-roupa:<\/p>\n<h3>1- Mini saias <\/h3>\n<p>Sempre atuais, as mini saias j\u00e1 garantem seu espa\u00e7o nas tend\u00eancias de primavera e chegam com ainda mais for\u00e7a nos dias de maior calor. N\u00e3o por acaso grandes nomes da moda, como Chanel e Versace, j\u00e1 est\u00e3o lan\u00e7ando seus visuais com essas pe\u00e7as.<\/p>\n<p>Em uma demonstra\u00e7\u00e3o de energia e vitalidade, as cores mais chamativas s\u00e3o ideais para essa pe\u00e7a que ressalta a beleza com um toque de charme e sensualidade. As famosas <i>candy colors<\/i> tamb\u00e9m s\u00e3o uma op\u00e7\u00e3o, nossa dica \u00e9 aproveitar aquela blusa bufante e arrasar com a combina\u00e7\u00e3o!<\/p>\n<h3>2- Cal\u00e7a de cintura baixa<\/h3>\n<p>Voc\u00ea com certeza lembra dessa pe\u00e7a nos looks de grandes estrelas como Beyonc\u00e9 e Britney Spears, certo? A moda<i> street<\/i> se utiliza das cal\u00e7as de cintura baixa <b>para acrescentar ousadia e estilo nas composi\u00e7\u00f5es<\/b>. Agora \u00e9 o momento de aplicar essa pe\u00e7a chave em seus looks de primavera ver\u00e3o e relembrar um cl\u00e1ssico incr\u00edvel.<\/p>\n<p>Ah, n\u00e3o s\u00e3o apenas as cal\u00e7as de cintura baixa que chegam com tudo nos pr\u00f3ximos desfiles, pode esperar saias bem estilosas e \u00edmpares com essa mesma ideia nas composi\u00e7\u00f5es de primavera ver\u00e3o.<\/p>\n<h3>3- Croppeds<\/h3>\n<p>Sabe quando precisamos de um visual para reagir ao momento e voltar com for\u00e7a total? Pode apostar que um cropped ser\u00e1 a pe\u00e7a principal dentro dessa ideia, n\u00e3o por acaso ele \u00e9 t\u00e3o querido entre as fashionistas. Usar um cropped \u00e9 sinal de estar bem consigo mesma e demonstrar para o mundo seu jeitinho de ser.<\/p>\n<p>Aproveite essa pe\u00e7a moderna da moda feminina e aplique os looks de primavera ver\u00e3o para ressaltar sua beleza e expressar suas ideias, afinal, \u00e9 exatamente para isso que a moda est\u00e1 a\u00ed!<\/p>\n<h3>4- Saia l\u00e1pis<\/h3>\n<p>A saia com altura variando at\u00e9 os joelhos e modelagem bem justinha oferece o match perfeito com camisetas e croppeds mais longos. Uma op\u00e7\u00e3o que vale a pena considerar, principalmente nas ocasi\u00f5es que exigem eleg\u00e2ncia no visual. Traga essa ideia diretamente dos anos 60 e inspire-se com as cl\u00e1ssicas composi\u00e7\u00f5es de Marilyn Monroe.<\/p>\n<h2>Quais s\u00e3o as cores da primavera ver\u00e3o 2023?<\/h2>\n<p>A paleta de cores da moda primavera ver\u00e3o \u00e9 sempre cheia de esperan\u00e7a e positividade, as tend\u00eancias para esse ano s\u00e3o ainda mais fortes nesse sentido, devido ao cen\u00e1rio que deixamos para tr\u00e1s. Por motivos como esses j\u00e1 era de se esperar que <b>as cores mais chamativas da moda ficassem em destaque<\/b>, tais como:<\/p>\n<ul>\n<li>Amarelo fosforescente;<\/li>\n<li>Roxo;<\/li>\n<li>Pink;<\/li>\n<li>Vermelho;<\/li>\n<li>Laranja;<\/li>\n<li>Very Peri.<\/li>\n<\/ul>\n<p>Essa \u00faltima cor merece um destaque especial, j\u00e1 que se configura como a cor do ano de 2022! A Pantone escolheu uma tonalidade expressiva entre o violeta e azul para adicionar uma dose de otimismo e confian\u00e7a na moda mundial, que inclusive j\u00e1 recebeu muito bem a ideia.<\/p>\n<h2>Tecidos que s\u00e3o tend\u00eancia primavera ver\u00e3o 2023<\/h2>\n<p>Se voc\u00ea j\u00e1 ficou na d\u00favida sobre qual tecido conversa melhor com as tend\u00eancias para a chegada do calor, saiba que pode se surpreender com as respostas. Confira alguns nomes na sequ\u00eancia e j\u00e1 alinhe seu guarda-roupa com materiais confort\u00e1veis e tramas \u00fanicas.<\/p>\n<h3>Croch\u00ea<\/h3>\n<p>Muito apreciado pelas amantes do estilo boho, o croch\u00ea tem uma identidade visual \u00fanica e combina com as mais diferentes ocasi\u00f5es. Cal\u00e7\u00f5es, vestidos e jerseys s\u00e3o algumas das pe\u00e7as que fazem \u00f3timo uso desse tecido. <b>Tramas feitas com linhas finas s\u00e3o a escolha certa para aliar conforto e beleza no visual.<\/b><\/p>\n<h3>Cetim<\/h3>\n<p>N\u00e3o \u00e9 segredo para ningu\u00e9m que o cetim domina a moda desde muito tempo, para essa primavera ver\u00e3o alguns nomes da moda j\u00e1 apostaram suas fichas e prometem aproveitar o tecido mais do que nunca. Versatilidade e qualidade s\u00e3o algumas das caracter\u00edsticas que influenciam nessa escolha, que com certeza vai estar muito presente em saias, tops e vestidos.<\/p>\n<h3>Couro<\/h3>\n<p>Se engana quem pensa que o couro n\u00e3o \u00e9 uma escolha interessante para os<b> looks de primavera ver\u00e3o<\/b>, qualidade e estilo s\u00e3o dois aspectos fort\u00edssimos nesse tecido e que devem ser explorados no visual. Aproveite as j\u00e1 comentadas saias em tamanho mini nesse material e surpreenda com visuais cheios de personalidade.<\/p>\n<p>Acess\u00f3rios como carteiras e bolsas tamb\u00e9m s\u00e3o perfeitos para quem deseja utilizar o couro na produ\u00e7\u00e3o, esse tecido j\u00e1 tem seu pr\u00f3prio charme e \u00e9 sempre uma boa escolha nos visuais.<\/p>\n<h2>Acess\u00f3rios para a primavera ver\u00e3o 2023<\/h2>\n<p>Seja no happy hour com a galera ou no dia a dia da semana, um bom acess\u00f3rio \u00e9 capaz de reinventar o look e ainda acrescentar fun\u00e7\u00f5es pr\u00e1ticas que facilitam nossa rotina. Confira alguns acess\u00f3rios que vir\u00e3o com tudo nesse pr\u00f3ximo ver\u00e3o e j\u00e1 comece os testes agora mesmo:<\/p>\n<ul>\n<li>Bon\u00e9s;<\/li>\n<li>Cosmetic case em couro;<\/li>\n<li>Len\u00e7os;<\/li>\n<li>Maxi brincos;<\/li>\n<li>Bolsas coloridas;<\/li>\n<li>\u00d3culos de sol com corrente.<\/li>\n<\/ul>\n<h2>Moda sustent\u00e1vel na primavera ver\u00e3o 2023!<\/h2>\n<p>Manter um compromisso com a m\u00e3e natureza na aplica\u00e7\u00e3o de t\u00e9cnicas sustent\u00e1veis sempre foi uma necessidade da moda, mas nos pr\u00f3ximos anos essa cobran\u00e7a ser\u00e1 ainda maior. Aliar conforto e estilo em pe\u00e7as sustent\u00e1veis tem sido uma grande exig\u00eancia do p\u00fablico nos \u00faltimos anos, o que est\u00e1 mais que certo!<\/p>\n<p>A Mr. Cat entende isso e vem com um conte\u00fado voltado para quem deseja <b>manter o compromisso enquanto aproveita o melhor da moda em cada combina\u00e7\u00e3o<\/b>. Se voc\u00ea quer ficar bem informada sobre as tend\u00eancias da moda, continue acompanhando nosso blog. Por aqui voc\u00ea ainda confere dicas pr\u00e1ticas para trazer todos esses conceitos diretamente para o seu arm\u00e1rio.<\/p>\n<p>At\u00e9 a pr\u00f3xima!<\/p>\n","protected":false},"excerpt":{"rendered":"<p>Tend\u00eancia primavera ver\u00e3o 2023: descubra o que vai dominar a moda! Se tem um momento que as fashionistas est\u00e3o esperando, \u00e9 a hora de aplicar as tend\u00eancias de primavera ver\u00e3o&#8230;<\/p>\n","protected":false},"author":7,"featured_media":1343,"comment_status":"open","ping_status":"open","sticky":false,"template":"","format":"standard","meta":{"inline_featured_image":false,"footnotes":""},"categories":[4],"tags":[],"class_list":["post-1342","post","type-post","status-publish","format-standard","has-post-thumbnail","hentry","category-novidades"],"ls_data":{"_yoast_wpseo_title":"Tend\u00eancias primavera ver\u00e3o 2023: o que esperar da moda?","_yoast_wpseo_metadesc":"Saiba o que vai dominar o universo fashionista na primavera ver\u00e3o de 2023. Looks em alta, dicas de como usar pe\u00e7as, acess\u00f3rios, cores e muito mais!  ","_yoast_wpseo_meta-robots-noindex":"","_yoast_wpseo_meta-robots-nofollow":"","_aioseo_title":"Tend\u00eancias primavera ver\u00e3o 2023: o que esperar da moda?","_aioseo_description":"Saiba o que vai dominar o universo fashionista na primavera ver\u00e3o de 2023. Looks em alta, dicas de como usar pe\u00e7as, acess\u00f3rios, cores e muito mais!  ","rank_math_title":"Tend\u00eancias primavera ver\u00e3o 2023: o que esperar da moda?","rank_math_description":"Saiba o que vai dominar o universo fashionista na primavera ver\u00e3o de 2023. Looks em alta, dicas de como usar pe\u00e7as, acess\u00f3rios, cores e muito mais!  "},"post_mailing_queue_ids":[],"_links":{"self":[{"href":"https:\/\/mrcat.net.br\/hub\/wp-json\/wp\/v2\/posts\/1342","targetHints":{"allow":["GET"]}}],"collection":[{"href":"https:\/\/mrcat.net.br\/hub\/wp-json\/wp\/v2\/posts"}],"about":[{"href":"https:\/\/mrcat.net.br\/hub\/wp-json\/wp\/v2\/types\/post"}],"author":[{"embeddable":true,"href":"https:\/\/mrcat.net.br\/hub\/wp-json\/wp\/v2\/users\/7"}],"replies":[{"embeddable":true,"href":"https:\/\/mrcat.net.br\/hub\/wp-json\/wp\/v2\/comments?post=1342"}],"version-history":[{"count":1,"href":"https:\/\/mrcat.net.br\/hub\/wp-json\/wp\/v2\/posts\/1342\/revisions"}],"predecessor-version":[{"id":1344,"href":"https:\/\/mrcat.net.br\/hub\/wp-json\/wp\/v2\/posts\/1342\/revisions\/1344"}],"wp:featuredmedia":[{"embeddable":true,"href":"https:\/\/mrcat.net.br\/hub\/wp-json\/wp\/v2\/media\/1343"}],"wp:attachment":[{"href":"https:\/\/mrcat.net.br\/hub\/wp-json\/wp\/v2\/media?parent=1342"}],"wp:term":[{"taxonomy":"category","embeddable":true,"href":"https:\/\/mrcat.net.br\/hub\/wp-json\/wp\/v2\/categories?post=1342"},{"taxonomy":"post_tag","embeddable":true,"href":"https:\/\/mrcat.net.br\/hub\/wp-json\/wp\/v2\/tags?post=1342"}],"curies":[{"name":"wp","href":"https:\/\/api.w.org\/{rel}","templated":true}]}}