{"id":742,"date":"2021-08-13T13:16:39","date_gmt":"2021-08-13T16:16:39","guid":{"rendered":"https:\/\/mrcat.net.br\/hub\/?p=742"},"modified":"2022-02-24T16:46:00","modified_gmt":"2022-02-24T19:46:00","slug":"pabi-fashion-squad-a-originalidade-em-sua-forma-mais-perfeita","status":"publish","type":"post","link":"https:\/\/mrcat.net.br\/hub\/pabi-fashion-squad-a-originalidade-em-sua-forma-mais-perfeita\/","title":{"rendered":"PABI FASHION SQUAD, a originalidade em sua forma mais perfeita"},"content":{"rendered":"<p><i><span style=\"font-weight: 400;\">A Collab que trouxe uma releitura de um dos \u00edcones da Mr.Cat.<\/span><\/i><\/p>\n<p><span style=\"font-weight: 400;\">Apresentamos para voc\u00ea, a <a href=\"https:\/\/www.mrcat.com.br\/#&amp;search-term=anabela%20PABI%20FASHION%20SQUAD\" target=\"_blank\" rel=\"noopener\">PABI FASHION SQUAD<\/a>: 100% brasileira e feita \u00e0 m\u00e3o, perfeitas para os mais diversos tipos de <i>moods <\/i>e com a assinatura de tr\u00eas incr\u00edveis estilistas cariocas. <\/span><\/p>\n<p><span style=\"font-weight: 400;\">Uma das parcerias que marcou 2020 s\u00f3 podia ter escolhido um \u00edcone como a <\/span><i><span style=\"font-weight: 400;\">espadrille<\/span><\/i><span style=\"font-weight: 400;\"> Pabi, um <\/span><i><span style=\"font-weight: 400;\">best seller Mr.Cat<\/span><\/i><span style=\"font-weight: 400;\">. O resultado e a sinergia <\/span><span style=\"font-weight: 400;\">geradas a partir da collab apresentaram um passo em dire\u00e7\u00e3o ao novo, ainda mais para quem j\u00e1 ama a marca.<\/span><\/p>\n<h2><b>Tr\u00eas estilistas e seis vers\u00f5es originais, um grande passo para a Mr.Cat<\/b><\/h2>\n<h3><img loading=\"lazy\" decoding=\"async\" class=\"alignleft wp-image-835 size-medium\" title=\"PABI FASHION SQUAD: Andrea Marques\" src=\"https:\/\/mrcat.net.br\/hub\/wp-content\/uploads\/2021\/08\/Design-sem-nome-1-300x246.png\" alt=\"Mr. Cat PABI FASHION SQUAD: Andrea Marques\" width=\"300\" height=\"246\" srcset=\"https:\/\/mrcat.net.br\/hub\/wp-content\/uploads\/2021\/08\/Design-sem-nome-1-300x246.png 300w, https:\/\/mrcat.net.br\/hub\/wp-content\/uploads\/2021\/08\/Design-sem-nome-1-768x630.png 768w, https:\/\/mrcat.net.br\/hub\/wp-content\/uploads\/2021\/08\/Design-sem-nome-1.png 915w\" sizes=\"auto, (max-width: 300px) 100vw, 300px\" \/><\/h3>\n<h3><strong>Cores e estampas de Andrea Marques, um processo intuitivo.<\/strong><\/h3>\n<p><span style=\"font-weight: 400;\">Com uma alfaiataria impec\u00e1vel e atemporal, Andrea Marques se destaca pela for\u00e7a de suas estampas.\u00a0<\/span><\/p>\n<p><span style=\"font-weight: 400;\">Reconhecida pela originalidade de suas cria\u00e7\u00f5es, ela trouxe ao PABI FASHION SQUAD duas vers\u00f5es da espadrille: a estampa <a href=\"https:\/\/www.mrcat.com.br\/sandalia-anabela-pabi-andrea-marques-pabb10off-white\/p\" target=\"_blank\" rel=\"noopener\">OFF WHITE<\/a> e o <a href=\"https:\/\/www.mrcat.com.br\/sandalia-anabela-pabi-andrea-marques-pabb10vermelho-red\/p\" target=\"_blank\" rel=\"noopener\">Pitanga<\/a>. Sendo este \u00faltimo um dos tons principais na cartela de cores de suas cole\u00e7\u00f5es.<\/span><\/p>\n<p><i><span style=\"font-weight: 400;\">\u201cA primeira vontade foi trazer para a Pabi uma estampa nossa. Ent\u00e3o, a minha dica \u00e9: se voc\u00ea est\u00e1 com um look mais liso vai escolher a estampada (&#8230;). E a pitanga pode usar com uma roupa estampada ou lisa. As duas s\u00e3o a cara do ver\u00e3o, muito f\u00e1ceis de usar,\u201d <\/span><\/i><span style=\"font-weight: 400;\">destaca Andrea Marques.\u00a0<\/span><\/p>\n<p><span style=\"font-weight: 400;\">Assim como nas pe\u00e7as de roupas, cada detalhe e at\u00e9 o caracter\u00edstico drapeado de sua alfaiataria est\u00e1 presente em suas vers\u00f5es da Collab com a MR.Cat.<\/span><\/p>\n<p><span style=\"font-weight: 400;\">Agora que voc\u00ea j\u00e1 caminhou em meio \u00e0 tanta originalidade, est\u00e1 na hora de dar mais um passo em dire\u00e7\u00e3o \u00e0 criatividade.<\/span><\/p>\n<h3><img loading=\"lazy\" decoding=\"async\" class=\"alignright wp-image-837 size-medium\" title=\"PABI FASHION SQUAD\" src=\"https:\/\/mrcat.net.br\/hub\/wp-content\/uploads\/2021\/08\/Design-sem-nome-300x246.png\" alt=\"PABI FASHION SQUAD\" width=\"300\" height=\"246\" srcset=\"https:\/\/mrcat.net.br\/hub\/wp-content\/uploads\/2021\/08\/Design-sem-nome-300x246.png 300w, https:\/\/mrcat.net.br\/hub\/wp-content\/uploads\/2021\/08\/Design-sem-nome-768x630.png 768w, https:\/\/mrcat.net.br\/hub\/wp-content\/uploads\/2021\/08\/Design-sem-nome.png 915w\" sizes=\"auto, (max-width: 300px) 100vw, 300px\" \/><\/h3>\n<h3><b>Alegria, jeans e um processo criativo espont\u00e2neo atrav\u00e9s das cria\u00e7\u00f5es de Isabela Capeto<\/b><\/h3>\n<p><span style=\"font-weight: 400;\">Cores ricas, bordados e aplica\u00e7\u00f5es tomam conta das vers\u00f5es de Isabela Capeto e mostram a criatividade da estilista em seus m\u00ednimos detalhes.\u00a0<\/span><\/p>\n<p><span style=\"font-weight: 400;\">Sob este mesmo ponto de vista, ela conseguiu trazer toda a alegria que costuma invadir as suas cria\u00e7\u00f5es ao <a href=\"https:\/\/www.mrcat.com.br\/#&amp;search-term=anabela%20PABI%20FASHION%20SQUAD\" target=\"_blank\" rel=\"noopener\">PABI FASHION SQUAD<\/a>. Os dois modelos da <\/span><i><span style=\"font-weight: 400;\">espadrille <\/span><\/i><span style=\"font-weight: 400;\">assinados pela estilista s\u00e3o apresentados em jeans, uma de suas marcas registradas. Neste caso, um jeans mais escuro e outro mais lavado. Sem esquecer dos saltos com a juta em degrad\u00ea.\u00a0<\/span><\/p>\n<p><span style=\"font-weight: 400;\">Na sua cria\u00e7\u00e3o da Pabi, Isabela Capeto deu espa\u00e7o \u00e0 liberdade de combina\u00e7\u00f5es:<\/span><i><span style=\"font-weight: 400;\"> \u201cEu acho que \u00e9 bem usar o estilo Isabela Capeto, que \u00e9 para combinar com tudo e n\u00e3o ter que ficar pensando para estar &#8220;combinandinho&#8221;. \u00c9 uma coisa que vai de A a Z, high e low, e misturar como voc\u00ea quiser. Isso que eu acho legal.&#8221;<\/span><\/i><\/p>\n<h3><img loading=\"lazy\" decoding=\"async\" class=\"alignleft wp-image-836 size-medium\" title=\"PABI FASHION SQUAD: Julia Gastin\" src=\"https:\/\/mrcat.net.br\/hub\/wp-content\/uploads\/2021\/08\/Design-sem-nome-2-300x246.png\" alt=\"Mr. Cat PABI FASHION SQUAD: Julia Gastin\" width=\"300\" height=\"246\" srcset=\"https:\/\/mrcat.net.br\/hub\/wp-content\/uploads\/2021\/08\/Design-sem-nome-2-300x246.png 300w, https:\/\/mrcat.net.br\/hub\/wp-content\/uploads\/2021\/08\/Design-sem-nome-2-768x630.png 768w, https:\/\/mrcat.net.br\/hub\/wp-content\/uploads\/2021\/08\/Design-sem-nome-2.png 915w\" sizes=\"auto, (max-width: 300px) 100vw, 300px\" \/><\/h3>\n<h3><b>A brasilidade como a ess\u00eancia das cria\u00e7\u00f5es de Julia Gastin<\/b><\/h3>\n<p><span style=\"font-weight: 400;\">Inspiradas na riqueza da cultura brasileira, as vers\u00f5es de Julia Gastin para a <\/span><i><span style=\"font-weight: 400;\">espadrille <\/span><\/i><span style=\"font-weight: 400;\">chegam com b\u00fazios feitos \u00e0 m\u00e3o e banhados a ouro.<\/span><\/p>\n<p><span style=\"font-weight: 400;\">\u00c0 primeira vista, a juta tran\u00e7ada do salto e a biqueira de croch\u00ea artesanal chamam a aten\u00e7\u00e3o pelo estilo original. Do mesmo modo, Julia Gastin traz um modelo em <a href=\"https:\/\/www.mrcat.com.br\/sandalia-anabela-pabi-julia-gastin-pabb11branco\/p\" target=\"_blank\" rel=\"noopener\">branco<\/a> e outro em <a href=\"https:\/\/www.mrcat.com.br\/sandalia-anabela-pabi-julia-gastin-pabb11preto\/p\" target=\"_blank\" rel=\"noopener\">preto<\/a>, com inspira\u00e7\u00e3o no Yin e Yang &#8211; os grandes princ\u00edpios da filosofia chinesa que destacam as energias opostas do mundo.\u00a0<\/span><\/p>\n<p><span style=\"font-weight: 400;\">Um dos pontos destacados por Julia em suas pe\u00e7as foi a versatilidade: <\/span><i><span style=\"font-weight: 400;\">\u201cUma dica para quem estiver usando a Pabi: ela \u00e9 uma sand\u00e1lia contempor\u00e2nea e super vers\u00e1til. Acho que d\u00e1 para usar de dia e de noite(&#8230;). Acho que tudo \u00e9 v\u00e1lido, ela foi uma sand\u00e1lia feita para voc\u00ea ser livre. A Pabi \u00e9 minha cara, totalmente natural e brasileira.&#8221;<\/span><\/i><\/p>\n<h2><b>Muitos passos, uma nova dire\u00e7\u00e3o<\/b><\/h2>\n<p><span style=\"font-weight: 400;\">Foram meses de trabalho, confirmando novamente a coragem em inovar e evoluir da Mr. Cat. Desta vez, junto \u00e0s assinaturas de tr\u00eas estilistas renomadas, as vers\u00f5es criadas atrav\u00e9s do projeto <a href=\"https:\/\/www.mrcat.com.br\/#&amp;search-term=anabela%20PABI%20FASHION%20SQUAD\" target=\"_blank\" rel=\"noopener\">PABI FASHION SQUAD<\/a> trouxeram um novo tom de originalidade em formas perfeitas.<\/span><\/p>\n<p><span style=\"font-weight: 400;\">Definitivamente, Andrea Marques, Isabela Capeto e Julia Gastin tornaram o que j\u00e1 era um hit absoluto de vendas em pe\u00e7as com caracter\u00edsticas \u00fanicas e cheias de estilo. Enfim, \u00e9 como contar a nossa hist\u00f3ria, por\u00e9m, com novos passos e, tamb\u00e9m, novas dire\u00e7\u00f5es.<\/span><\/p>\n<p><a style=\"background-color: #fb0; color: #000; font-size: 14px; font-weight: bold; text-decoration: none; padding: .8rem 1rem; box-shadow: 0 2px 3px 0 rgba(0,0,0,.18); border-radius: .5rem; cursor: pointer; transition: all .2s ease-in-out; line-height: normal;\" href=\"https:\/\/www.mrcat.com.br\/?utm_source=google&#038;utm_medium=organic&#038;utm_campaign=blog\" rel=\"nofollow noopener\" target=\"_blank\">VER LAN\u00c7AMENTOS MR. CAT<\/a><\/p>\n","protected":false},"excerpt":{"rendered":"<p>A Collab que trouxe uma releitura de um dos \u00edcones da Mr.Cat. Apresentamos para voc\u00ea, a PABI FASHION SQUAD: 100% brasileira e feita \u00e0 m\u00e3o, perfeitas para os mais diversos&#8230;<\/p>\n","protected":false},"author":7,"featured_media":765,"comment_status":"open","ping_status":"open","sticky":false,"template":"","format":"standard","meta":{"inline_featured_image":false,"footnotes":""},"categories":[3],"tags":[],"class_list":["post-742","post","type-post","status-publish","format-standard","has-post-thumbnail","hentry","category-moodboard"],"ls_data":{"_yoast_wpseo_title":"","_yoast_wpseo_metadesc":"","_yoast_wpseo_meta-robots-noindex":"","_yoast_wpseo_meta-robots-nofollow":"","_aioseo_title":"","_aioseo_description":"","rank_math_title":"","rank_math_description":""},"post_mailing_queue_ids":[],"_links":{"self":[{"href":"https:\/\/mrcat.net.br\/hub\/wp-json\/wp\/v2\/posts\/742","targetHints":{"allow":["GET"]}}],"collection":[{"href":"https:\/\/mrcat.net.br\/hub\/wp-json\/wp\/v2\/posts"}],"about":[{"href":"https:\/\/mrcat.net.br\/hub\/wp-json\/wp\/v2\/types\/post"}],"author":[{"embeddable":true,"href":"https:\/\/mrcat.net.br\/hub\/wp-json\/wp\/v2\/users\/7"}],"replies":[{"embeddable":true,"href":"https:\/\/mrcat.net.br\/hub\/wp-json\/wp\/v2\/comments?post=742"}],"version-history":[{"count":9,"href":"https:\/\/mrcat.net.br\/hub\/wp-json\/wp\/v2\/posts\/742\/revisions"}],"predecessor-version":[{"id":1179,"href":"https:\/\/mrcat.net.br\/hub\/wp-json\/wp\/v2\/posts\/742\/revisions\/1179"}],"wp:featuredmedia":[{"embeddable":true,"href":"https:\/\/mrcat.net.br\/hub\/wp-json\/wp\/v2\/media\/765"}],"wp:attachment":[{"href":"https:\/\/mrcat.net.br\/hub\/wp-json\/wp\/v2\/media?parent=742"}],"wp:term":[{"taxonomy":"category","embeddable":true,"href":"https:\/\/mrcat.net.br\/hub\/wp-json\/wp\/v2\/categories?post=742"},{"taxonomy":"post_tag","embeddable":true,"href":"https:\/\/mrcat.net.br\/hub\/wp-json\/wp\/v2\/tags?post=742"}],"curies":[{"name":"wp","href":"https:\/\/api.w.org\/{rel}","templated":true}]}}