{"id":847,"date":"2021-10-11T19:49:57","date_gmt":"2021-10-11T22:49:57","guid":{"rendered":"https:\/\/mrcat.net.br\/hub\/?p=847"},"modified":"2022-02-24T16:44:45","modified_gmt":"2022-02-24T19:44:45","slug":"muito-alem-da-moda","status":"publish","type":"post","link":"https:\/\/mrcat.net.br\/hub\/muito-alem-da-moda\/","title":{"rendered":"Muito al\u00e9m da moda"},"content":{"rendered":"<p><span style=\"font-weight: 400;\">A apar\u00eancia pode dizer muito sobre nossa personalidade, atrav\u00e9s das roupas, cal\u00e7ados e acess\u00f3rios. Sendo assim, \u00e9 inevit\u00e1vel o reconhecimento de que a forma de se vestir \u00e9 uma ferramenta de express\u00e3o individual e social.<\/span><\/p>\n<p><span style=\"font-weight: 400;\">Dessa maneira, a moda e o estilos que cada pessoa desenvolve e se expressa ao montar um visual, s\u00e3o elementos da exist\u00eancia da humanidade que auxiliam na cultura e contribuem para sua constru\u00e7\u00e3o. Por assim dizer, estes aspectos demonstram o que aquelas gera\u00e7\u00f5es e \u00e9pocas representam, relacionando pensamentos e caracter\u00edsticas que constituem determinado per\u00edodo.\u00a0<\/span><\/p>\n<p><span style=\"font-weight: 400;\">Portanto, cal\u00e7ados e acess\u00f3rios colaboram na forma\u00e7\u00e3o da identidade individual das pessoas, uma vez que as pe\u00e7as tamb\u00e9m funcionam como instrumentos de posicionamento social e mostram o comportamento de cada indiv\u00edduo e mostrando seu lugar na sociedade.<\/span><\/p>\n<h2><b><img loading=\"lazy\" decoding=\"async\" class=\"alignright wp-image-853 size-medium\" src=\"https:\/\/mrcat.net.br\/hub\/wp-content\/uploads\/2021\/10\/blog_classicos2-e1633989445204-300x256.jpg\" alt=\"Mr. Cat muito al\u00e9m da moda\" width=\"300\" height=\"256\" srcset=\"https:\/\/mrcat.net.br\/hub\/wp-content\/uploads\/2021\/10\/blog_classicos2-e1633989445204-300x256.jpg 300w, https:\/\/mrcat.net.br\/hub\/wp-content\/uploads\/2021\/10\/blog_classicos2-e1633989445204.jpg 644w\" sizes=\"auto, (max-width: 300px) 100vw, 300px\" \/>O que os cal\u00e7ados dizem sobre n\u00f3s?<\/b><\/h2>\n<p><span style=\"font-weight: 400;\">H\u00e1 um tempo atr\u00e1s, um estudo feito pela Universidade do Kansas, nos Estados Unidos, identificou que o <\/span><a href=\"https:\/\/www.mrcat.com.br\/feminino\/sapatos\" target=\"_blank\" rel=\"noopener\"><span style=\"font-weight: 400;\">sapato utilizado<\/span><\/a><span style=\"font-weight: 400;\"> pode demonstrar os tra\u00e7os da personalidade ou do humor de quem o cal\u00e7a. O resultado revela que at\u00e9 90% das caracter\u00edsticas da pessoa s\u00e3o demonstradas atrav\u00e9s dos cal\u00e7ados.<\/span><\/p>\n<p><span style=\"font-weight: 400;\">Por exemplo, aqueles que preferem modelos mais chamativos s\u00e3o indiv\u00edduos extrovertidos. J\u00e1 quem opta por botas apresenta uma certa atitude altiva. Enquanto exemplares confort\u00e1veis transmitem uma personalidade calma e tranquila.<\/span><\/p>\n<p><span style=\"font-weight: 400;\">Por outro lado, sapatos com salto alto mostram uma caracter\u00edstica simples e liberal. Cal\u00e7ados <\/span><span style=\"font-weight: 400;\">confort\u00e1veis e pr\u00e1ticos apontam para uma pessoa simp\u00e1tica e agrad\u00e1vel. No entanto, <\/span><span style=\"font-weight: 400;\">elementos de cores \u00fanicas e sem detalhes, exp\u00f5em sujeitos mais frios e reservados.<\/span><\/p>\n<h2><b><img loading=\"lazy\" decoding=\"async\" class=\"alignleft wp-image-852 size-medium\" src=\"https:\/\/mrcat.net.br\/hub\/wp-content\/uploads\/2021\/10\/blog_classicos3-e1633989363608-300x216.jpg\" alt=\"Mr. Cat muito al\u00e9m da moda\" width=\"300\" height=\"216\" srcset=\"https:\/\/mrcat.net.br\/hub\/wp-content\/uploads\/2021\/10\/blog_classicos3-e1633989363608-300x216.jpg 300w, https:\/\/mrcat.net.br\/hub\/wp-content\/uploads\/2021\/10\/blog_classicos3-e1633989363608.jpg 764w\" sizes=\"auto, (max-width: 300px) 100vw, 300px\" \/>Autoconhecimento ajuda na autoestima<\/b><\/h2>\n<p><span style=\"font-weight: 400;\">Como um mecanismo que demonstra e enaltece a personalidade de cada um, os cal\u00e7ados se expressam atrav\u00e9s de cores, tecidos, formatos e detalhes que permitem que cada um explore ainda mais sua originalidade e identidade visual.<\/span><\/p>\n<p><span style=\"font-weight: 400;\">Dessa forma, o autoconhecimento ajuda a ser uma pessoa bem resolvida, possibilitando reconhecer em si mesmo aquilo que faz se sentir melhor e obter a felicidade consigo.<\/span><\/p>\n<h3><b><img loading=\"lazy\" decoding=\"async\" class=\"alignright wp-image-861 size-medium\" src=\"https:\/\/mrcat.net.br\/hub\/wp-content\/uploads\/2021\/10\/blog_classicos4-1-e1633989632657-300x213.jpg\" alt=\"Mr. Cat muito al\u00e9m da moda\" width=\"300\" height=\"213\" srcset=\"https:\/\/mrcat.net.br\/hub\/wp-content\/uploads\/2021\/10\/blog_classicos4-1-e1633989632657-300x213.jpg 300w, https:\/\/mrcat.net.br\/hub\/wp-content\/uploads\/2021\/10\/blog_classicos4-1-e1633989632657-768x545.jpg 768w, https:\/\/mrcat.net.br\/hub\/wp-content\/uploads\/2021\/10\/blog_classicos4-1-e1633989632657.jpg 777w\" sizes=\"auto, (max-width: 300px) 100vw, 300px\" \/>Mr. Cat inspirando pessoas<\/b><\/h3>\n<p><span style=\"font-weight: 400;\">A Mr. Cat caminha para frente e d\u00e1 novos passos em dire\u00e7\u00e3o ao novo. Com isso, procuramos evoluir e inovar, sem deixar para tr\u00e1s o que nos conduziu at\u00e9 onde estamos.<\/span><\/p>\n<p><span style=\"font-weight: 400;\">Queremos fazer parte da hist\u00f3ria de cada indiv\u00edduo e completar sua personalidade de maneira \u00fanica. Nossa miss\u00e3o \u00e9 inspirar a todos a se sentirem melhores e mais completos na hora de <\/span><a href=\"https:\/\/www.mrcat.com.br\/liquidacao\" target=\"_blank\" rel=\"noopener\"><span style=\"font-weight: 400;\">criar seu visual<\/span><\/a><span style=\"font-weight: 400;\">.<\/span><\/p>\n<p><a style=\"background-color: #fb0; color: #000; font-size: 14px; font-weight: bold; text-decoration: none; padding: .8rem 1rem; box-shadow: 0 2px 3px 0 rgba(0,0,0,.18); border-radius: .5rem; cursor: pointer; transition: all .2s ease-in-out; line-height: normal;\" href=\"https:\/\/www.mrcat.com.br\/?utm_source=google&#038;utm_medium=organic&#038;utm_campaign=blog\" rel=\"nofollow noopener\" target=\"_blank\">VER LAN\u00c7AMENTOS MR. CAT<\/a><\/p>\n","protected":false},"excerpt":{"rendered":"<p>A apar\u00eancia pode dizer muito sobre nossa personalidade, atrav\u00e9s das roupas, cal\u00e7ados e acess\u00f3rios. Sendo assim, \u00e9 inevit\u00e1vel o reconhecimento de que a forma de se vestir \u00e9 uma ferramenta&#8230;<\/p>\n","protected":false},"author":12,"featured_media":854,"comment_status":"open","ping_status":"open","sticky":false,"template":"","format":"standard","meta":{"inline_featured_image":false,"footnotes":""},"categories":[5],"tags":[],"class_list":["post-847","post","type-post","status-publish","format-standard","has-post-thumbnail","hentry","category-m-t-w"],"ls_data":{"_yoast_wpseo_title":"","_yoast_wpseo_metadesc":"","_yoast_wpseo_meta-robots-noindex":"","_yoast_wpseo_meta-robots-nofollow":"","_aioseo_title":"","_aioseo_description":"","rank_math_title":"","rank_math_description":""},"post_mailing_queue_ids":[],"_links":{"self":[{"href":"https:\/\/mrcat.net.br\/hub\/wp-json\/wp\/v2\/posts\/847","targetHints":{"allow":["GET"]}}],"collection":[{"href":"https:\/\/mrcat.net.br\/hub\/wp-json\/wp\/v2\/posts"}],"about":[{"href":"https:\/\/mrcat.net.br\/hub\/wp-json\/wp\/v2\/types\/post"}],"author":[{"embeddable":true,"href":"https:\/\/mrcat.net.br\/hub\/wp-json\/wp\/v2\/users\/12"}],"replies":[{"embeddable":true,"href":"https:\/\/mrcat.net.br\/hub\/wp-json\/wp\/v2\/comments?post=847"}],"version-history":[{"count":16,"href":"https:\/\/mrcat.net.br\/hub\/wp-json\/wp\/v2\/posts\/847\/revisions"}],"predecessor-version":[{"id":1091,"href":"https:\/\/mrcat.net.br\/hub\/wp-json\/wp\/v2\/posts\/847\/revisions\/1091"}],"wp:featuredmedia":[{"embeddable":true,"href":"https:\/\/mrcat.net.br\/hub\/wp-json\/wp\/v2\/media\/854"}],"wp:attachment":[{"href":"https:\/\/mrcat.net.br\/hub\/wp-json\/wp\/v2\/media?parent=847"}],"wp:term":[{"taxonomy":"category","embeddable":true,"href":"https:\/\/mrcat.net.br\/hub\/wp-json\/wp\/v2\/categories?post=847"},{"taxonomy":"post_tag","embeddable":true,"href":"https:\/\/mrcat.net.br\/hub\/wp-json\/wp\/v2\/tags?post=847"}],"curies":[{"name":"wp","href":"https:\/\/api.w.org\/{rel}","templated":true}]}}