{"id":942,"date":"2021-11-25T13:53:01","date_gmt":"2021-11-25T16:53:01","guid":{"rendered":"https:\/\/mrcat.net.br\/hub\/?p=942"},"modified":"2022-02-24T16:42:43","modified_gmt":"2022-02-24T19:42:43","slug":"calcados-verao","status":"publish","type":"post","link":"https:\/\/mrcat.net.br\/hub\/calcados-verao\/","title":{"rendered":"Cal\u00e7ados ver\u00e3o"},"content":{"rendered":"<p><img loading=\"lazy\" decoding=\"async\" class=\"alignleft wp-image-948 size-medium\" title=\"Sand\u00e1lia EVA Masculina Mr. Cat\" src=\"https:\/\/mrcat.net.br\/hub\/wp-content\/uploads\/2021\/11\/Sandalia-masculina-2-Verao-e1637857674306-300x217.jpg\" alt=\"Cal\u00e7ados ver\u00e3o Mr. Cat\" width=\"300\" height=\"217\" srcset=\"https:\/\/mrcat.net.br\/hub\/wp-content\/uploads\/2021\/11\/Sandalia-masculina-2-Verao-e1637857674306-300x217.jpg 300w, https:\/\/mrcat.net.br\/hub\/wp-content\/uploads\/2021\/11\/Sandalia-masculina-2-Verao-e1637857674306.jpg 761w\" sizes=\"auto, (max-width: 300px) 100vw, 300px\" \/><\/p>\n<p>Conforto \u00e9 a tend\u00eancia para os <a href=\"https:\/\/www.mrcat.com.br\/verao-2022?PS=24&amp;&amp;O=OrderByReleaseDateDESC\" target=\"_blank\" rel=\"noopener\">cal\u00e7ados de ver\u00e3o<\/a>! Sejam eles para ocasi\u00f5es formais ou eventos casuais, os modelos devem oferecer bem-estar em todas as situa\u00e7\u00f5es.<\/p>\n<p>Pensando nisso, preparamos um guia para voc\u00ea \u00a0saber quais sapatos est\u00e3o em alta na esta\u00e7\u00e3o e criar looks incr\u00edveis.<\/p>\n<h2>Bico quadrado<\/h2>\n<p>A <strong>sand\u00e1lia de bico quadrado<\/strong> \u00e9 uma pe\u00e7a que sempre fez sucesso e n\u00e3o ser\u00e1 diferente neste ver\u00e3o. Esse modelo foi bastante marcante nos anos 90, apresenta um estilo moderno, que d\u00e1 bastante charme a v\u00e1rias produ\u00e7\u00f5es.<\/p>\n<p>Entre as combina\u00e7\u00f5es que funcionam bem com essa <a href=\"https:\/\/www.mrcat.com.br\/feminino\/sapatos\/sandalias-com-salto?PS=20&amp;O=OrderByReleaseDateDESC\" target=\"_blank\" rel=\"noopener\"><strong>sand\u00e1lia<\/strong>,<\/a> est\u00e3o roupas de alfaiataria e os tons neutros, que\u00a0 possibilitam um visual mais formale ideal para ir ao trabalho.<\/p>\n<p>Entre outros aspectos importantes, os modelos\u00a0 com tiras criam um look mais leve, enquanto modelos coloridos trazem um toque mais contempor\u00e2neo e moderno para o seu visual.<\/p>\n<h2><img loading=\"lazy\" decoding=\"async\" class=\"alignright wp-image-946 size-medium\" title=\"T\u00eanis Slip on Mr. Cat\" src=\"https:\/\/mrcat.net.br\/hub\/wp-content\/uploads\/2021\/11\/Tenis-masculino-verao-2-e1637856231427-300x227.jpg\" alt=\"T\u00eanis Slip on Mr. Cat\" width=\"300\" height=\"227\" srcset=\"https:\/\/mrcat.net.br\/hub\/wp-content\/uploads\/2021\/11\/Tenis-masculino-verao-2-e1637856231427-300x227.jpg 300w, https:\/\/mrcat.net.br\/hub\/wp-content\/uploads\/2021\/11\/Tenis-masculino-verao-2-e1637856231427.jpg 729w\" sizes=\"auto, (max-width: 300px) 100vw, 300px\" \/>Slip on<\/h2>\n<p>Quando o assunto \u00e9 praticidade, os <a href=\"https:\/\/www.mrcat.com.br\/feminino\/sapatos\/tenis-sapatenis?PS=20&amp;O=OrderByReleaseDateDESC\" target=\"_blank\" rel=\"noopener\"><strong>t\u00eanis slip on<\/strong><\/a> s\u00e3o cal\u00e7ados confort\u00e1veis e que podem ser utilizados em diferentes ocasi\u00f5es. Por serem muito confort\u00e1veis, eles s\u00e3o essenciais em todo guarda-roupa. Para o ver\u00e3o, vestir roupas que deixam a perna \u00e0 mostra junto com este t\u00eanis traz leveza \u00e0 produ\u00e7\u00e3o. Seja saia, shorts, vestido ou mesmo uma cal\u00e7a pantacourt, a harmonia com a esta\u00e7\u00e3o \u00e9 garantida.<\/p>\n<h2><img loading=\"lazy\" decoding=\"async\" class=\"alignleft wp-image-950 size-medium\" title=\"Sand\u00e1lia masculina Mr. Cat\" src=\"https:\/\/mrcat.net.br\/hub\/wp-content\/uploads\/2021\/11\/Sandalia-masculina-Verao-e1637857799789-300x218.jpg\" alt=\"Sand\u00e1lia masculina Mr. Cat\" width=\"300\" height=\"218\" srcset=\"https:\/\/mrcat.net.br\/hub\/wp-content\/uploads\/2021\/11\/Sandalia-masculina-Verao-e1637857799789-300x218.jpg 300w, https:\/\/mrcat.net.br\/hub\/wp-content\/uploads\/2021\/11\/Sandalia-masculina-Verao-e1637857799789.jpg 759w\" sizes=\"auto, (max-width: 300px) 100vw, 300px\" \/>Sand\u00e1lia masculina<\/h2>\n<p>Pe\u00e7a que era moda nos anos 90 e agora est\u00e1 de volta com tudo, a <a href=\"https:\/\/www.mrcat.com.br\/masculino\/sapatos\/sandalias-chinelos?PS=20&amp;O=OrderByReleaseDateDESC\" target=\"_blank\" rel=\"noopener\"><strong>sand\u00e1lia masculina<\/strong><\/a> promete ficar por mais alguns anos entre as tend\u00eancias. Seu estilo descolado possibilita bem-estar e funcionalidade para diversos visuais que v\u00e3o dos casuais aos mais formais, como com cal\u00e7a social, por exemplo.<\/p>\n<h2>Sand\u00e1lias acolchoadas<\/h2>\n<p>Novidade entre os itens em alta no ver\u00e3o, as <strong>sand\u00e1lias acolchoadas<\/strong> devem deixar sua marca com seu volume nas tiras. Mas, n\u00e3o ache que isso limita na hora de criar um visual, pelo contr\u00e1rio, seu estilo proporciona um look inusitado e que d\u00e1 match com v\u00e1rias op\u00e7\u00f5es.<\/p>\n<h2>Loafers<\/h2>\n<p>Mais voltado para o look social, os <strong>cal\u00e7ados loafers<\/strong> tamb\u00e9m est\u00e3o em vig\u00eancia durante a esta\u00e7\u00e3o mais quente do ano. Perfeito para quem deseja um modelo para o trabalho, ele \u00e9 fechado, leve e muito elegante. Esse tipo de <a href=\"https:\/\/www.mrcat.com.br\/feminino\/sapatos\/mocassins?PS=20&amp;O=OrderByReleaseDateDESC\" target=\"_blank\" rel=\"noopener\"><strong>mocassim<\/strong><\/a> fica bem com jeans ou alfaiataria, igualmente com vestidos e shorts.<\/p>\n<h2>Flats de tiras finas<\/h2>\n<p>Por sua vez, as <a href=\"https:\/\/www.mrcat.com.br\/feminino\/sapatos\/sandalias-rasteiras?PS=20&amp;O=OrderByReleaseDateDESC\" target=\"_blank\" rel=\"noopener\"><strong>rasteiras com tiras finas<\/strong><\/a> ou <strong>flats<\/strong> s\u00e3o sin\u00f4nimo de eleg\u00e2ncia e versatilidade. Al\u00e9m de serem ideais para dias quentes, pois s\u00e3o muito frescas. Esse estilo de cal\u00e7ado combina muito com pe\u00e7as\u00a0 jeans e, para momentos mais formais, podem ser usadas com alfaiataria.<\/p>\n<p><em>Dica de estilo<\/em>: combine a sua rastreira com um vestido longo ou uma saia com babados para criar um visual leve e despojado.<\/p>\n<h2><a href=\"https:\/\/www.mrcat.com.br\/feminino\/sapatos\/sandalias-anabela?PS=20&amp;O=OrderByReleaseDateDESC\" target=\"_blank\" rel=\"noopener\"><img loading=\"lazy\" decoding=\"async\" class=\"alignright wp-image-956 size-medium\" title=\"Anabela Mr. Cat\" src=\"https:\/\/mrcat.net.br\/hub\/wp-content\/uploads\/2021\/11\/Anabela-verao-e1637858593467-300x217.jpg\" alt=\"Anabela Mr. Cat\" width=\"300\" height=\"217\" srcset=\"https:\/\/mrcat.net.br\/hub\/wp-content\/uploads\/2021\/11\/Anabela-verao-e1637858593467-300x217.jpg 300w, https:\/\/mrcat.net.br\/hub\/wp-content\/uploads\/2021\/11\/Anabela-verao-e1637858593467.jpg 761w\" sizes=\"auto, (max-width: 300px) 100vw, 300px\" \/><\/a>Cores e estilos dos cal\u00e7ados<\/h2>\n<p>O ver\u00e3o tamb\u00e9m ser\u00e1 um momento de<a href=\"http:\/\/hub\/mr-cat-post-it\/\"> <strong>sapatos coloridos e vibrantes<\/strong><\/a>. Por essa raz\u00e3o, o neon est\u00e1 em evid\u00eancia, dando um ar exuberante aos p\u00e9s.<\/p>\n<p>J\u00e1 <a href=\"https:\/\/www.mrcat.com.br\/feminino\/sapatos\/sandalias-anabela?PS=20&amp;O=OrderByReleaseDateDESC\" target=\"_blank\" rel=\"noopener\"><strong>modelos com cordas, tress\u00e9 e bordados<\/strong><\/a> tamb\u00e9m estar\u00e3o em alta. Eles ajudam a dar um estilo mais casual por conta de sua forma artesanal, o que possibilita muito charme quando mesclados com itens cl\u00e1ssicos.<\/p>\n<p>Por fim, o salto baixo vem ganhando cada vez mais espa\u00e7o nas ruas e lojas, o que d\u00e1 ainda mais possibilidade de um look vers\u00e1til e confort\u00e1vel.<\/p>\n\n\t\t<style type=\"text\/css\">\n\t\t\t#gallery-1 {\n\t\t\t\tmargin: auto;\n\t\t\t}\n\t\t\t#gallery-1 .gallery-item {\n\t\t\t\tfloat: left;\n\t\t\t\tmargin-top: 10px;\n\t\t\t\ttext-align: center;\n\t\t\t\twidth: 33%;\n\t\t\t}\n\t\t\t#gallery-1 img {\n\t\t\t\tborder: 2px solid #cfcfcf;\n\t\t\t}\n\t\t\t#gallery-1 .gallery-caption {\n\t\t\t\tmargin-left: 0;\n\t\t\t}\n\t\t\t\/* see gallery_shortcode() in wp-includes\/media.php *\/\n\t\t<\/style>\n\t\t<div id='gallery-1' class='gallery galleryid-942 gallery-columns-3 gallery-size-medium'><dl class='gallery-item'>\n\t\t\t<dt class='gallery-icon landscape'>\n\t\t\t\t<a href=\"https:\/\/mrcat.net.br\/hub\/wp-content\/uploads\/2021\/11\/Bolsa-Verao-e1637858844918.jpg\" title=\"\" data-rl_title=\"\" class=\"rl-gallery-link\" data-rl_caption=\"\" data-rel=\"lightbox-gallery-1\" data-rl_><img loading=\"lazy\" decoding=\"async\" width=\"300\" height=\"203\" src=\"https:\/\/mrcat.net.br\/hub\/wp-content\/uploads\/2021\/11\/Bolsa-Verao-e1637858844918-300x203.jpg\" class=\"attachment-medium size-medium\" alt=\"Bolsa Ver\u00e3o Mr. Cat\" aria-describedby=\"gallery-1-959\" srcset=\"https:\/\/mrcat.net.br\/hub\/wp-content\/uploads\/2021\/11\/Bolsa-Verao-e1637858844918-300x203.jpg 300w, https:\/\/mrcat.net.br\/hub\/wp-content\/uploads\/2021\/11\/Bolsa-Verao-e1637858844918-768x519.jpg 768w, https:\/\/mrcat.net.br\/hub\/wp-content\/uploads\/2021\/11\/Bolsa-Verao-e1637858844918.jpg 812w\" sizes=\"auto, (max-width: 300px) 100vw, 300px\" \/><\/a>\n\t\t\t<\/dt>\n\t\t\t\t<dd class='wp-caption-text gallery-caption' id='gallery-1-959'>\n\t\t\t\tBolsa Ver\u00e3o Mr. Cat\n\t\t\t\t<\/dd><\/dl><dl class='gallery-item'>\n\t\t\t<dt class='gallery-icon landscape'>\n\t\t\t\t<a href=\"https:\/\/mrcat.net.br\/hub\/wp-content\/uploads\/2021\/11\/Tenis-Masculino-Verao-e1637858798576.jpg\" title=\"\" data-rl_title=\"\" class=\"rl-gallery-link\" data-rl_caption=\"\" data-rel=\"lightbox-gallery-1\" data-rl_><img loading=\"lazy\" decoding=\"async\" width=\"300\" height=\"203\" src=\"https:\/\/mrcat.net.br\/hub\/wp-content\/uploads\/2021\/11\/Tenis-Masculino-Verao-e1637858798576-300x203.jpg\" class=\"attachment-medium size-medium\" alt=\"T\u00eanis Masculino Ver\u00e3o Mr. Cat\" aria-describedby=\"gallery-1-958\" srcset=\"https:\/\/mrcat.net.br\/hub\/wp-content\/uploads\/2021\/11\/Tenis-Masculino-Verao-e1637858798576-300x203.jpg 300w, https:\/\/mrcat.net.br\/hub\/wp-content\/uploads\/2021\/11\/Tenis-Masculino-Verao-e1637858798576-768x519.jpg 768w, https:\/\/mrcat.net.br\/hub\/wp-content\/uploads\/2021\/11\/Tenis-Masculino-Verao-e1637858798576.jpg 812w\" sizes=\"auto, (max-width: 300px) 100vw, 300px\" \/><\/a>\n\t\t\t<\/dt>\n\t\t\t\t<dd class='wp-caption-text gallery-caption' id='gallery-1-958'>\n\t\t\t\tT\u00eanis Masculino Ver\u00e3o Mr. Cat\n\t\t\t\t<\/dd><\/dl><dl class='gallery-item'>\n\t\t\t<dt class='gallery-icon landscape'>\n\t\t\t\t<a href=\"https:\/\/mrcat.net.br\/hub\/wp-content\/uploads\/2021\/11\/Sandalia-natural-Verao-e1637855512473.jpg\" title=\"\" data-rl_title=\"\" class=\"rl-gallery-link\" data-rl_caption=\"\" data-rel=\"lightbox-gallery-1\" data-rl_><img loading=\"lazy\" decoding=\"async\" width=\"300\" height=\"204\" src=\"https:\/\/mrcat.net.br\/hub\/wp-content\/uploads\/2021\/11\/Sandalia-natural-Verao-e1637855512473-300x204.jpg\" class=\"attachment-medium size-medium\" alt=\"Sand\u00e1lia Feminina Ver\u00e3o Mr. Cat\" aria-describedby=\"gallery-1-945\" srcset=\"https:\/\/mrcat.net.br\/hub\/wp-content\/uploads\/2021\/11\/Sandalia-natural-Verao-e1637855512473-300x204.jpg 300w, https:\/\/mrcat.net.br\/hub\/wp-content\/uploads\/2021\/11\/Sandalia-natural-Verao-e1637855512473-768x521.jpg 768w, https:\/\/mrcat.net.br\/hub\/wp-content\/uploads\/2021\/11\/Sandalia-natural-Verao-e1637855512473.jpg 812w\" sizes=\"auto, (max-width: 300px) 100vw, 300px\" \/><\/a>\n\t\t\t<\/dt>\n\t\t\t\t<dd class='wp-caption-text gallery-caption' id='gallery-1-945'>\n\t\t\t\tSand\u00e1lia Feminina Ver\u00e3o Mr. Cat\n\t\t\t\t<\/dd><\/dl><br style=\"clear: both\" \/>\n\t\t<\/div>\n\n<p><a style=\"background-color: #fb0; color: #000; font-size: 14px; font-weight: bold; text-decoration: none; padding: .8rem 1rem; box-shadow: 0 2px 3px 0 rgba(0,0,0,.18); border-radius: .5rem; cursor: pointer; transition: all .2s ease-in-out; line-height: normal;\" href=\"https:\/\/www.mrcat.com.br\/?utm_source=google&#038;utm_medium=organic&#038;utm_campaign=blog\" rel=\"nofollow noopener\" target=\"_blank\">VER LAN\u00c7AMENTOS MR. CAT<\/a><\/p>\n","protected":false},"excerpt":{"rendered":"<p>Conforto \u00e9 a tend\u00eancia para os cal\u00e7ados de ver\u00e3o! Sejam eles para ocasi\u00f5es formais ou eventos casuais, os modelos devem oferecer bem-estar em todas as situa\u00e7\u00f5es. Pensando nisso, preparamos um&#8230;<\/p>\n","protected":false},"author":12,"featured_media":943,"comment_status":"open","ping_status":"open","sticky":false,"template":"","format":"standard","meta":{"inline_featured_image":false,"footnotes":""},"categories":[3],"tags":[],"class_list":["post-942","post","type-post","status-publish","format-standard","has-post-thumbnail","hentry","category-moodboard"],"ls_data":{"_yoast_wpseo_title":"","_yoast_wpseo_metadesc":"","_yoast_wpseo_meta-robots-noindex":"","_yoast_wpseo_meta-robots-nofollow":"","_aioseo_title":"","_aioseo_description":"","rank_math_title":"%title% %sep% Rasteirinhas, Sand\u00e1lias e Mais %sep% %sitename%","rank_math_description":""},"post_mailing_queue_ids":[],"_links":{"self":[{"href":"https:\/\/mrcat.net.br\/hub\/wp-json\/wp\/v2\/posts\/942","targetHints":{"allow":["GET"]}}],"collection":[{"href":"https:\/\/mrcat.net.br\/hub\/wp-json\/wp\/v2\/posts"}],"about":[{"href":"https:\/\/mrcat.net.br\/hub\/wp-json\/wp\/v2\/types\/post"}],"author":[{"embeddable":true,"href":"https:\/\/mrcat.net.br\/hub\/wp-json\/wp\/v2\/users\/12"}],"replies":[{"embeddable":true,"href":"https:\/\/mrcat.net.br\/hub\/wp-json\/wp\/v2\/comments?post=942"}],"version-history":[{"count":19,"href":"https:\/\/mrcat.net.br\/hub\/wp-json\/wp\/v2\/posts\/942\/revisions"}],"predecessor-version":[{"id":1169,"href":"https:\/\/mrcat.net.br\/hub\/wp-json\/wp\/v2\/posts\/942\/revisions\/1169"}],"wp:featuredmedia":[{"embeddable":true,"href":"https:\/\/mrcat.net.br\/hub\/wp-json\/wp\/v2\/media\/943"}],"wp:attachment":[{"href":"https:\/\/mrcat.net.br\/hub\/wp-json\/wp\/v2\/media?parent=942"}],"wp:term":[{"taxonomy":"category","embeddable":true,"href":"https:\/\/mrcat.net.br\/hub\/wp-json\/wp\/v2\/categories?post=942"},{"taxonomy":"post_tag","embeddable":true,"href":"https:\/\/mrcat.net.br\/hub\/wp-json\/wp\/v2\/tags?post=942"}],"curies":[{"name":"wp","href":"https:\/\/api.w.org\/{rel}","templated":true}]}}